{"id":3660,"date":"2025-08-18T05:10:15","date_gmt":"2025-08-18T03:10:15","guid":{"rendered":"https:\/\/www.teste-daltonismo.org\/blog\/daltonismo\/como-os-daltonicos-veem-o-mundo\/"},"modified":"2025-08-18T05:10:15","modified_gmt":"2025-08-18T03:10:15","slug":"como-os-daltonicos-veem-o-mundo","status":"publish","type":"post","link":"https:\/\/www.teste-daltonismo.org\/blog\/daltonismo\/como-os-daltonicos-veem-o-mundo\/","title":{"rendered":"Como os daltonicos veem o mundo"},"content":{"rendered":"<div class='topics'>\n<div class='topic'>\n<h2>&#8220;A vis\u00e3o dos dalt\u00f3nicos: como a falta de percep\u00e7\u00e3o de cores afeta a forma como vemos o mundo&#8221;<\/h2>\n<p>A vis\u00e3o \u00e9 um dos sentidos mais importantes para a nossa percep\u00e7\u00e3o do mundo ao nosso redor. Atrav\u00e9s dela, somos capazes de identificar formas, movimentos e, principalmente, cores. No entanto, para algumas pessoas, a vis\u00e3o pode ser um pouco diferente. Estamos falando dos dalt\u00f3nicos, indiv\u00edduos que possuem uma condi\u00e7\u00e3o gen\u00e9tica que afeta a sua percep\u00e7\u00e3o de cores.<\/p>\n<p>O daltonismo \u00e9 uma condi\u00e7\u00e3o heredit\u00e1ria que afeta principalmente os homens, pois \u00e9 causada por uma muta\u00e7\u00e3o no cromossomo X. Isso significa que, na maioria dos casos, as mulheres s\u00e3o apenas portadoras da condi\u00e7\u00e3o, mas n\u00e3o apresentam os sintomas. Estima-se que cerca de 8% da popula\u00e7\u00e3o masculina mundial seja dalt\u00f4nica, enquanto apenas 0,5% das mulheres possuem essa condi\u00e7\u00e3o.<\/p>\n<p>Mas afinal, o que \u00e9 o daltonismo e como ele afeta a vis\u00e3o das pessoas? Basicamente, o daltonismo \u00e9 uma condi\u00e7\u00e3o em que o indiv\u00edduo possui dificuldade em distinguir certas cores, principalmente o vermelho, verde e azul. Isso acontece porque essas cores s\u00e3o percebidas pelos cones, c\u00e9lulas sens\u00edveis \u00e0 luz presentes na retina, e os dalt\u00f4nicos possuem uma altera\u00e7\u00e3o em um ou mais tipos<\/p>\n<\/div>\n<div class='topic'>\n<h2>&#8220;Os desafios enfrentados pelos dalt\u00f3nicos na vida quotidiana e como lidar com eles&#8221;<\/h2>\n<p>Os dalt\u00f3nicos s\u00e3o pessoas que possuem uma condi\u00e7\u00e3o gen\u00e9tica que afeta a sua capacidade de distinguir certas cores. Essa condi\u00e7\u00e3o, tamb\u00e9m conhecida como daltonismo, \u00e9 mais comum em homens do que em mulheres e pode variar em grau de intensidade. Embora n\u00e3o seja uma condi\u00e7\u00e3o que cause grandes impactos na vida das pessoas, os dalt\u00f3nicos enfrentam alguns desafios no seu dia a dia.<\/p>\n<p>Um dos principais desafios enfrentados pelos dalt\u00f3nicos \u00e9 a dificuldade em distinguir certas cores, principalmente o vermelho e o verde. Isso pode ser um problema em diversas situa\u00e7\u00f5es, como no tr\u00e2nsito, por exemplo. Os sem\u00e1foros utilizam essas cores para indicar quando \u00e9 seguro ou n\u00e3o atravessar a rua, e para os dalt\u00f3nicos, pode ser dif\u00edcil identificar qual \u00e9 a cor que est\u00e1 acesa. Al\u00e9m disso, em algumas profiss\u00f5es, como piloto de avi\u00e3o ou eletricista, a capacidade de distinguir cores \u00e9 essencial e pode ser um obst\u00e1culo para os dalt\u00f3nicos.<\/p>\n<p>Outro desafio enfrentado pelos dalt\u00f3nicos \u00e9 a dificuldade em identificar certos objetos ou s\u00edmbolos que dependem da diferencia\u00e7\u00e3o de cores para serem reconhecidos. Por exemplo, em um mapa,<\/p>\n<\/div>\n<div class='topic'>\n<h2>&#8220;A ci\u00eancia por tr\u00e1s da daltonismo: como a defici\u00eancia de cones afeta a vis\u00e3o das cores&#8221;<\/h2>\n<p>O daltonismo \u00e9 uma condi\u00e7\u00e3o visual que afeta a capacidade de uma pessoa de distinguir certas cores. Tamb\u00e9m conhecido como defici\u00eancia de cones, o daltonismo \u00e9 causado por uma anomalia gen\u00e9tica que afeta os cones, c\u00e9lulas sens\u00edveis \u00e0 luz presentes na retina do olho. Esses cones s\u00e3o respons\u00e1veis por detectar as cores vermelho, verde e azul, e quando n\u00e3o funcionam corretamente, a pessoa pode ter dificuldade em diferenciar essas cores.<\/p>\n<p>Existem tr\u00eas tipos de cones na retina: os cones vermelhos, os cones verdes e os cones azuis. Cada um desses cones \u00e9 sens\u00edvel a uma determinada faixa de comprimento de onda da luz, que \u00e9 o que determina a cor que vemos. No entanto, em pessoas com daltonismo, um ou mais desses cones n\u00e3o funcionam adequadamente, o que resulta em uma percep\u00e7\u00e3o alterada das cores.<\/p>\n<p>A maioria dos casos de daltonismo \u00e9 heredit\u00e1ria e afeta principalmente os homens, pois a anomalia gen\u00e9tica est\u00e1 localizada no cromossomo X. Isso significa que, se uma mulher tiver o gene defeituoso em um dos cromossomos X, o outro cromossomo X pode compensar e ela n\u00e3o ter\u00e1 a condi\u00e7\u00e3o. No entanto, se um<\/p>\n<\/div>\n<div class='topic'>\n<h2>&#8220;A import\u00e2ncia da conscientiza\u00e7\u00e3o sobre o daltonismo na sociedade e como podemos ajudar a incluir os dalt\u00f3nicos&#8221;<\/h2>\n<p>O daltonismo \u00e9 uma condi\u00e7\u00e3o gen\u00e9tica que afeta a capacidade de uma pessoa de distinguir certas cores. \u00c9 uma condi\u00e7\u00e3o mais comum em homens do que em mulheres e pode variar em gravidade, desde uma leve dificuldade em distinguir cores at\u00e9 uma incapacidade total de ver certas cores. Apesar de n\u00e3o ser uma condi\u00e7\u00e3o que afeta a sa\u00fade f\u00edsica, o daltonismo pode ter um impacto significativo na vida de uma pessoa, especialmente em termos de inclus\u00e3o social.<\/p>\n<p>\u00c9 importante que a sociedade esteja consciente do daltonismo e das suas implica\u00e7\u00f5es, a fim de promover a inclus\u00e3o e a compreens\u00e3o dos dalt\u00f3nicos. Muitas vezes, as pessoas com daltonismo enfrentam desafios no dia a dia, como dificuldades em distinguir sem\u00e1foros, sinais de tr\u00e2nsito, mapas e at\u00e9 mesmo em atividades simples, como escolher roupas que combinem. Al\u00e9m disso, o daltonismo pode afetar a vida profissional de uma pessoa, limitando suas op\u00e7\u00f5es de carreira em \u00e1reas que exigem uma boa percep\u00e7\u00e3o de cores, como design gr\u00e1fico, moda e arte.<\/p>\n<p>Uma das formas de ajudar a incluir os dalt\u00f3nicos na sociedade \u00e9 atrav\u00e9s da educa\u00e7\u00e3o e conscientiza\u00e7\u00e3o. \u00c9 importante que as escolas e os<\/p>\n<\/div>\n<\/div>\n","protected":false},"excerpt":{"rendered":"<p>&#8220;A vis\u00e3o dos dalt\u00f3nicos: como a falta de percep\u00e7\u00e3o de cores afeta a forma como vemos o mundo&#8221; A vis\u00e3o \u00e9 um dos sentidos mais&#8230;<\/p>\n","protected":false},"author":1,"featured_media":0,"comment_status":"","ping_status":"open","sticky":false,"template":"","format":"standard","meta":{"inline_featured_image":false},"categories":[849],"tags":[],"yoast_head":"<!-- This site is optimized with the Yoast SEO plugin v18.1 - https:\/\/yoast.com\/wordpress\/plugins\/seo\/ -->\n<title>Como os daltonicos veem o mundo - Teste Daltonismo<\/title>\n<meta name=\"robots\" content=\"index, follow, max-snippet:-1, max-image-preview:large, max-video-preview:-1\" \/>\n<link rel=\"canonical\" href=\"https:\/\/www.teste-daltonismo.org\/blog\/daltonismo\/como-os-daltonicos-veem-o-mundo\/\" \/>\n<meta property=\"og:locale\" content=\"pt_PT\" \/>\n<meta property=\"og:type\" content=\"article\" \/>\n<meta property=\"og:title\" content=\"Como os daltonicos veem o mundo - Teste Daltonismo\" \/>\n<meta property=\"og:description\" content=\"&#8220;A vis\u00e3o dos dalt\u00f3nicos: como a falta de percep\u00e7\u00e3o de cores afeta a forma como vemos o mundo&#8221; A vis\u00e3o \u00e9 um dos sentidos mais...\" \/>\n<meta property=\"og:url\" content=\"https:\/\/www.teste-daltonismo.org\/blog\/daltonismo\/como-os-daltonicos-veem-o-mundo\/\" \/>\n<meta property=\"og:site_name\" content=\"Teste Daltonismo\" \/>\n<meta property=\"article:published_time\" content=\"2025-08-18T03:10:15+00:00\" \/>\n<meta name=\"twitter:card\" content=\"summary_large_image\" \/>\n<meta name=\"twitter:label1\" content=\"Escrito por\" \/>\n\t<meta name=\"twitter:data1\" content=\"Teste Daltonismo\" \/>\n\t<meta name=\"twitter:label2\" content=\"Tempo estimado de leitura\" \/>\n\t<meta name=\"twitter:data2\" content=\"4 minutos\" \/>\n<script type=\"application\/ld+json\" class=\"yoast-schema-graph\">{\"@context\":\"https:\/\/schema.org\",\"@graph\":[{\"@type\":\"Organization\",\"@id\":\"https:\/\/www.teste-daltonismo.org\/blog\/#organization\",\"name\":\"Teste Daltonismo\",\"url\":\"https:\/\/www.teste-daltonismo.org\/blog\/\",\"sameAs\":[],\"logo\":{\"@type\":\"ImageObject\",\"@id\":\"https:\/\/www.teste-daltonismo.org\/blog\/#logo\",\"inLanguage\":\"pt-PT\",\"url\":\"https:\/\/www.teste-daltonismo.org\/blog\/wp-content\/uploads\/2025\/01\/teste-de-daltonismo-card.webp\",\"contentUrl\":\"https:\/\/www.teste-daltonismo.org\/blog\/wp-content\/uploads\/2025\/01\/teste-de-daltonismo-card.webp\",\"width\":1024,\"height\":1024,\"caption\":\"Teste Daltonismo\"},\"image\":{\"@id\":\"https:\/\/www.teste-daltonismo.org\/blog\/#logo\"}},{\"@type\":\"WebSite\",\"@id\":\"https:\/\/www.teste-daltonismo.org\/blog\/#website\",\"url\":\"https:\/\/www.teste-daltonismo.org\/blog\/\",\"name\":\"Teste Daltonismo\",\"description\":\"Blogue sobre daltonismo\",\"publisher\":{\"@id\":\"https:\/\/www.teste-daltonismo.org\/blog\/#organization\"},\"potentialAction\":[{\"@type\":\"SearchAction\",\"target\":{\"@type\":\"EntryPoint\",\"urlTemplate\":\"https:\/\/www.teste-daltonismo.org\/blog\/?s={search_term_string}\"},\"query-input\":\"required name=search_term_string\"}],\"inLanguage\":\"pt-PT\"},{\"@type\":\"WebPage\",\"@id\":\"https:\/\/www.teste-daltonismo.org\/blog\/daltonismo\/como-os-daltonicos-veem-o-mundo\/#webpage\",\"url\":\"https:\/\/www.teste-daltonismo.org\/blog\/daltonismo\/como-os-daltonicos-veem-o-mundo\/\",\"name\":\"Como os daltonicos veem o mundo - Teste Daltonismo\",\"isPartOf\":{\"@id\":\"https:\/\/www.teste-daltonismo.org\/blog\/#website\"},\"datePublished\":\"2025-08-18T03:10:15+00:00\",\"dateModified\":\"2025-08-18T03:10:15+00:00\",\"breadcrumb\":{\"@id\":\"https:\/\/www.teste-daltonismo.org\/blog\/daltonismo\/como-os-daltonicos-veem-o-mundo\/#breadcrumb\"},\"inLanguage\":\"pt-PT\",\"potentialAction\":[{\"@type\":\"ReadAction\",\"target\":[\"https:\/\/www.teste-daltonismo.org\/blog\/daltonismo\/como-os-daltonicos-veem-o-mundo\/\"]}]},{\"@type\":\"BreadcrumbList\",\"@id\":\"https:\/\/www.teste-daltonismo.org\/blog\/daltonismo\/como-os-daltonicos-veem-o-mundo\/#breadcrumb\",\"itemListElement\":[{\"@type\":\"ListItem\",\"position\":1,\"name\":\"Home\",\"item\":\"https:\/\/www.teste-daltonismo.org\/blog\/\"},{\"@type\":\"ListItem\",\"position\":2,\"name\":\"Como os daltonicos veem o mundo\"}]},{\"@type\":\"Article\",\"@id\":\"https:\/\/www.teste-daltonismo.org\/blog\/daltonismo\/como-os-daltonicos-veem-o-mundo\/#article\",\"isPartOf\":{\"@id\":\"https:\/\/www.teste-daltonismo.org\/blog\/daltonismo\/como-os-daltonicos-veem-o-mundo\/#webpage\"},\"author\":{\"@id\":\"https:\/\/www.teste-daltonismo.org\/blog\/#\/schema\/person\/8eb1bcaf59fea75c780c11946f4e3490\"},\"headline\":\"Como os daltonicos veem o mundo\",\"datePublished\":\"2025-08-18T03:10:15+00:00\",\"dateModified\":\"2025-08-18T03:10:15+00:00\",\"mainEntityOfPage\":{\"@id\":\"https:\/\/www.teste-daltonismo.org\/blog\/daltonismo\/como-os-daltonicos-veem-o-mundo\/#webpage\"},\"wordCount\":881,\"publisher\":{\"@id\":\"https:\/\/www.teste-daltonismo.org\/blog\/#organization\"},\"articleSection\":[\"Daltonismo\"],\"inLanguage\":\"pt-PT\"},{\"@type\":\"Person\",\"@id\":\"https:\/\/www.teste-daltonismo.org\/blog\/#\/schema\/person\/8eb1bcaf59fea75c780c11946f4e3490\",\"name\":\"Teste Daltonismo\",\"image\":{\"@type\":\"ImageObject\",\"@id\":\"https:\/\/www.teste-daltonismo.org\/blog\/#personlogo\",\"inLanguage\":\"pt-PT\",\"url\":\"https:\/\/secure.gravatar.com\/avatar\/6743211f010801ea26aa9423a2daab37?s=96&d=mm&r=g\",\"contentUrl\":\"https:\/\/secure.gravatar.com\/avatar\/6743211f010801ea26aa9423a2daab37?s=96&d=mm&r=g\",\"caption\":\"Teste Daltonismo\"},\"sameAs\":[\"https:\/\/www.teste-daltonismo.org\/blog\"],\"url\":\"https:\/\/www.teste-daltonismo.org\/blog\/author\/diagnostyka-umyslu\/\"}]}<\/script>\n<!-- \/ Yoast SEO plugin. -->","yoast_head_json":{"title":"Como os daltonicos veem o mundo - Teste Daltonismo","robots":{"index":"index","follow":"follow","max-snippet":"max-snippet:-1","max-image-preview":"max-image-preview:large","max-video-preview":"max-video-preview:-1"},"canonical":"https:\/\/www.teste-daltonismo.org\/blog\/daltonismo\/como-os-daltonicos-veem-o-mundo\/","og_locale":"pt_PT","og_type":"article","og_title":"Como os daltonicos veem o mundo - Teste Daltonismo","og_description":"&#8220;A vis\u00e3o dos dalt\u00f3nicos: como a falta de percep\u00e7\u00e3o de cores afeta a forma como vemos o mundo&#8221; A vis\u00e3o \u00e9 um dos sentidos mais...","og_url":"https:\/\/www.teste-daltonismo.org\/blog\/daltonismo\/como-os-daltonicos-veem-o-mundo\/","og_site_name":"Teste Daltonismo","article_published_time":"2025-08-18T03:10:15+00:00","twitter_card":"summary_large_image","twitter_misc":{"Escrito por":"Teste Daltonismo","Tempo estimado de leitura":"4 minutos"},"schema":{"@context":"https:\/\/schema.org","@graph":[{"@type":"Organization","@id":"https:\/\/www.teste-daltonismo.org\/blog\/#organization","name":"Teste Daltonismo","url":"https:\/\/www.teste-daltonismo.org\/blog\/","sameAs":[],"logo":{"@type":"ImageObject","@id":"https:\/\/www.teste-daltonismo.org\/blog\/#logo","inLanguage":"pt-PT","url":"https:\/\/www.teste-daltonismo.org\/blog\/wp-content\/uploads\/2025\/01\/teste-de-daltonismo-card.webp","contentUrl":"https:\/\/www.teste-daltonismo.org\/blog\/wp-content\/uploads\/2025\/01\/teste-de-daltonismo-card.webp","width":1024,"height":1024,"caption":"Teste Daltonismo"},"image":{"@id":"https:\/\/www.teste-daltonismo.org\/blog\/#logo"}},{"@type":"WebSite","@id":"https:\/\/www.teste-daltonismo.org\/blog\/#website","url":"https:\/\/www.teste-daltonismo.org\/blog\/","name":"Teste Daltonismo","description":"Blogue sobre daltonismo","publisher":{"@id":"https:\/\/www.teste-daltonismo.org\/blog\/#organization"},"potentialAction":[{"@type":"SearchAction","target":{"@type":"EntryPoint","urlTemplate":"https:\/\/www.teste-daltonismo.org\/blog\/?s={search_term_string}"},"query-input":"required name=search_term_string"}],"inLanguage":"pt-PT"},{"@type":"WebPage","@id":"https:\/\/www.teste-daltonismo.org\/blog\/daltonismo\/como-os-daltonicos-veem-o-mundo\/#webpage","url":"https:\/\/www.teste-daltonismo.org\/blog\/daltonismo\/como-os-daltonicos-veem-o-mundo\/","name":"Como os daltonicos veem o mundo - Teste Daltonismo","isPartOf":{"@id":"https:\/\/www.teste-daltonismo.org\/blog\/#website"},"datePublished":"2025-08-18T03:10:15+00:00","dateModified":"2025-08-18T03:10:15+00:00","breadcrumb":{"@id":"https:\/\/www.teste-daltonismo.org\/blog\/daltonismo\/como-os-daltonicos-veem-o-mundo\/#breadcrumb"},"inLanguage":"pt-PT","potentialAction":[{"@type":"ReadAction","target":["https:\/\/www.teste-daltonismo.org\/blog\/daltonismo\/como-os-daltonicos-veem-o-mundo\/"]}]},{"@type":"BreadcrumbList","@id":"https:\/\/www.teste-daltonismo.org\/blog\/daltonismo\/como-os-daltonicos-veem-o-mundo\/#breadcrumb","itemListElement":[{"@type":"ListItem","position":1,"name":"Home","item":"https:\/\/www.teste-daltonismo.org\/blog\/"},{"@type":"ListItem","position":2,"name":"Como os daltonicos veem o mundo"}]},{"@type":"Article","@id":"https:\/\/www.teste-daltonismo.org\/blog\/daltonismo\/como-os-daltonicos-veem-o-mundo\/#article","isPartOf":{"@id":"https:\/\/www.teste-daltonismo.org\/blog\/daltonismo\/como-os-daltonicos-veem-o-mundo\/#webpage"},"author":{"@id":"https:\/\/www.teste-daltonismo.org\/blog\/#\/schema\/person\/8eb1bcaf59fea75c780c11946f4e3490"},"headline":"Como os daltonicos veem o mundo","datePublished":"2025-08-18T03:10:15+00:00","dateModified":"2025-08-18T03:10:15+00:00","mainEntityOfPage":{"@id":"https:\/\/www.teste-daltonismo.org\/blog\/daltonismo\/como-os-daltonicos-veem-o-mundo\/#webpage"},"wordCount":881,"publisher":{"@id":"https:\/\/www.teste-daltonismo.org\/blog\/#organization"},"articleSection":["Daltonismo"],"inLanguage":"pt-PT"},{"@type":"Person","@id":"https:\/\/www.teste-daltonismo.org\/blog\/#\/schema\/person\/8eb1bcaf59fea75c780c11946f4e3490","name":"Teste Daltonismo","image":{"@type":"ImageObject","@id":"https:\/\/www.teste-daltonismo.org\/blog\/#personlogo","inLanguage":"pt-PT","url":"https:\/\/secure.gravatar.com\/avatar\/6743211f010801ea26aa9423a2daab37?s=96&d=mm&r=g","contentUrl":"https:\/\/secure.gravatar.com\/avatar\/6743211f010801ea26aa9423a2daab37?s=96&d=mm&r=g","caption":"Teste Daltonismo"},"sameAs":["https:\/\/www.teste-daltonismo.org\/blog"],"url":"https:\/\/www.teste-daltonismo.org\/blog\/author\/diagnostyka-umyslu\/"}]}},"amp_enabled":true,"_links":{"self":[{"href":"https:\/\/www.teste-daltonismo.org\/blog\/wp-json\/wp\/v2\/posts\/3660"}],"collection":[{"href":"https:\/\/www.teste-daltonismo.org\/blog\/wp-json\/wp\/v2\/posts"}],"about":[{"href":"https:\/\/www.teste-daltonismo.org\/blog\/wp-json\/wp\/v2\/types\/post"}],"author":[{"embeddable":true,"href":"https:\/\/www.teste-daltonismo.org\/blog\/wp-json\/wp\/v2\/users\/1"}],"replies":[{"embeddable":true,"href":"https:\/\/www.teste-daltonismo.org\/blog\/wp-json\/wp\/v2\/comments?post=3660"}],"version-history":[{"count":0,"href":"https:\/\/www.teste-daltonismo.org\/blog\/wp-json\/wp\/v2\/posts\/3660\/revisions"}],"wp:attachment":[{"href":"https:\/\/www.teste-daltonismo.org\/blog\/wp-json\/wp\/v2\/media?parent=3660"}],"wp:term":[{"taxonomy":"category","embeddable":true,"href":"https:\/\/www.teste-daltonismo.org\/blog\/wp-json\/wp\/v2\/categories?post=3660"},{"taxonomy":"post_tag","embeddable":true,"href":"https:\/\/www.teste-daltonismo.org\/blog\/wp-json\/wp\/v2\/tags?post=3660"}],"curies":[{"name":"wp","href":"https:\/\/api.w.org\/{rel}","templated":true}]}}